[{"@context":"https:\/\/schema.org\/","@type":"Article","@id":"https:\/\/www.polsepa.cz\/terasa-pro-kazdeho\/#Article","mainEntityOfPage":"https:\/\/www.polsepa.cz\/terasa-pro-kazdeho\/","headline":"Terasa pro ka\u017ed\u00e9ho","name":"Terasa pro ka\u017ed\u00e9ho","description":"Milujete to ticho a klidn\u00e9 m\u00edsto, kter\u00e9 m\u00e1te p\u0159ed domem. Ka\u017ed\u00fd z n\u00e1s m\u00e1 r\u00e1d m\u00edt chv\u00edli klid a u\u017e\u00edvat si relaxace. To v\u0161echno V\u00e1m v\u00e1\u0161 d\u016fm a hlavn\u011b terasa https:\/\/www.zeleneslevy.cz\/terasa\/ m\u016f\u017ee nab\u00eddnout. Terasa je skv\u011bl\u00fdm m\u00edstem pro V\u00e1\u0161 odpo\u010dinek, hlavn\u011b v letn\u00edch m\u011bs\u00edc\u00edch, proto\u017ee to jsme rad\u011bji v\u00edc venku ne\u017e doma. Terasa je ur\u010den\u00e1 [&hellip;]","datePublished":"2022-12-11","dateModified":"2023-05-15","author":{"@type":"Person","@id":"https:\/\/www.polsepa.cz\/author\/#Person","name":"","url":"https:\/\/www.polsepa.cz\/author\/","identifier":1,"image":{"@type":"ImageObject","@id":"https:\/\/secure.gravatar.com\/avatar\/f677d652d46d6437b40497bee38030612d53a3103b24904f519be33cae485306?s=96&d=mm&r=g","url":"https:\/\/secure.gravatar.com\/avatar\/f677d652d46d6437b40497bee38030612d53a3103b24904f519be33cae485306?s=96&d=mm&r=g","height":96,"width":96}},"publisher":{"@type":"Organization","name":"polsepa.cz","logo":{"@type":"ImageObject","@id":"\/logo.png","url":"\/logo.png","width":600,"height":60}},"image":{"@type":"ImageObject","@id":"https:\/\/www.polsepa.cz\/wp-content\/uploads\/istockphoto-1392468315-170667a.jpg","url":"https:\/\/www.polsepa.cz\/wp-content\/uploads\/istockphoto-1392468315-170667a.jpg","height":0,"width":0},"url":"https:\/\/www.polsepa.cz\/terasa-pro-kazdeho\/","about":["Slu\u017eby"],"wordCount":464,"articleBody":"       Milujete to ticho a klidn\u00e9 m\u00edsto, kter\u00e9 m\u00e1te p\u0159ed domem. Ka\u017ed\u00fd z n\u00e1s m\u00e1 r\u00e1d m\u00edt chv\u00edli klid a u\u017e\u00edvat si relaxace. To v\u0161echno V\u00e1m v\u00e1\u0161 d\u016fm a hlavn\u011b terasa https:\/\/www.zeleneslevy.cz\/terasa\/ m\u016f\u017ee nab\u00eddnout. Terasa je skv\u011bl\u00fdm m\u00edstem pro V\u00e1\u0161 odpo\u010dinek, hlavn\u011b v letn\u00edch m\u011bs\u00edc\u00edch, proto\u017ee to jsme rad\u011bji v\u00edc venku ne\u017e doma. Terasa je ur\u010den\u00e1 pro v\u0161echny \u010dleny rodiny, tak\u017ee se m\u016f\u017ee v\u0161ichni sej\u00edt na terase, posed\u011bt si, d\u00e1t si pivko nebo si je\u0161t\u011b k tomu n\u011bco dobr\u00e9ho ugrilovat. Ka\u017ed\u00fd m\u00e1 p\u0159edstavu o terase jinou. N\u011bkomu se l\u00edb\u00ed terasa, https:\/\/www.hornbach.cz\/cms\/cs\/cz\/navody\/zahrada_a_pestovani\/stavba_terasy\/stavba_terasy.html  kter\u00e1 m\u00e1 vstup z ob\u00fdvac\u00edho pokoje, a n\u011bkomu se zase l\u00edb\u00ed vstup na terasu z kuchyn\u011b.  J\u00e1 osobn\u011b bych zvolila vstup na terasu z ob\u00fdv\u00e1ku, proto\u017ee ob\u00fdv\u00e1k by m\u011bl vypadat v\u00edc na\u010dan\u010dan\u00fd. Kdy\u017e si pozvete n\u00e1v\u0161t\u011bvu dom\u016f, tak \u010dasto hosty posazujeme pr\u00e1v\u011b do ob\u00fdv\u00e1ku, proto\u017ee ob\u00fdv\u00e1k byl v\u017edy v\u00edc pro hosty. Pak kdy\u017e vstoup\u00edte na terasu vypad\u00e1 to velmi komfortn\u011b a dokonale. V\u00fdjimku netvo\u0159\u00ed ani vstup na terasu z lo\u017enice, ale to se \u010dasto nest\u00e1v\u00e1.  V dne\u0161n\u00ed dob\u011b u\u017e m\u00e1 terasu snad \u00fapln\u011b ka\u017ed\u00fd, proto\u017ee v\u017edy se sna\u017e\u00edme naj\u00edt chv\u00edli klidn\u00e9 m\u00edsto k posezen\u00ed a relaxaci. Kdy\u017e se pod\u00edv\u00e1me na bytov\u00e9 jednotky, v\u017edy tam byl alespo\u0148 balk\u00f3n. Jeliko\u017e je modern\u00ed doba, tak balk\u00f3n u\u017e nesta\u010d\u00ed a v bytov\u00fdch jednotk\u00e1ch najdeme v p\u0159\u00edzem\u00ed terasu. Ti, co bydl\u00ed ve vy\u0161\u0161\u00edch patrech, tak maj\u00ed sm\u016flu, takov\u00e9 kr\u00e1sn\u00e9 terasy se nedo\u010dkaj\u00ed, mo\u017en\u00e1 tak v\u011bt\u0161\u00edho balk\u00f3nu. Mus\u00edm ale \u0159\u00edct, \u017ee terasy v bytov\u00fdch jednotk\u00e1ch jsou velmi obl\u00edben\u00e9 a \u010dasto pro rodiny s d\u011btmi vyhled\u00e1van\u00e9. D\u011bti toti\u017e poc\u00edt\u00ed, \u017ee si maj\u00ed zrovna kde hr\u00e1t, proto\u017ee na terase si pro Va\u0161e d\u011bti m\u016f\u017eete ud\u011blat i men\u0161\u00ed h\u0159i\u0161t\u011b. Mal\u00e1 skluzavka nebo houpa\u010dka ur\u010dit\u011b terase nic nepokaz\u00ed. Va\u0161e d\u011bti budou velmi spokojen\u00e9 a zabaven\u00e9, a vy si m\u016f\u017eete v klidu relaxovat bez toho, ani\u017e by V\u00e1s va\u0161e d\u011bti ru\u0161ily. Terasa je vhodn\u00e1 i pro chvilkov\u00fd sp\u00e1nek. M\u016f\u017eete si zav\u011bsit houpac\u00ed s\u00ed\u0165 a klidn\u011b se houpat. Mo\u017enost\u00ed na terase je opravdu spousta.                                                                                                                                                                                                                                                                                                                                                                                           4.2\/5 - (13 votes)        "},{"@context":"https:\/\/schema.org\/","@type":"BreadcrumbList","itemListElement":[{"@type":"ListItem","position":1,"name":"Terasa pro ka\u017ed\u00e9ho","item":"https:\/\/www.polsepa.cz\/terasa-pro-kazdeho\/#breadcrumbitem"}]}]