[{"@context":"https:\/\/schema.org\/","@type":"Article","@id":"https:\/\/www.polsepa.cz\/kam-s-ni-s-tou-slamou\/#Article","mainEntityOfPage":"https:\/\/www.polsepa.cz\/kam-s-ni-s-tou-slamou\/","headline":"Kam s n\u00ed, s tou sl\u00e1mou?","name":"Kam s n\u00ed, s tou sl\u00e1mou?","description":"\u00dalo\u017en\u00e9 prostory jsou \u010dasto t\u00edm, co n\u00e1m v\u00a0na\u0161ich obydl\u00edch velmi \u010dasto sch\u00e1z\u00ed. St\u011bhujeme se z\u00a0na\u0161eho d\u011btsk\u00e9ho pokoje u rodi\u010d\u016f s\u00a0dv\u011bma kufry a n\u011bjakou tou bedni\u010dkou do garsonky, p\u00e1r t\u00fddn\u016f, mo\u017en\u00e1 m\u011bs\u00edc\u016f se n\u00e1m ten prostor zd\u00e1 dosta\u010duj\u00edc\u00ed, ale pak se za\u010d\u00ednaj\u00ed hromadit dal\u0161\u00ed a dal\u0161\u00ed v\u011bci a nen\u00ed je kam d\u00e1vat. Tak se za n\u011bjakou [&hellip;]","datePublished":"2023-05-15","dateModified":"2023-05-15","author":{"@type":"Person","@id":"https:\/\/www.polsepa.cz\/author\/#Person","name":"","url":"https:\/\/www.polsepa.cz\/author\/","identifier":1,"image":{"@type":"ImageObject","@id":"https:\/\/secure.gravatar.com\/avatar\/f677d652d46d6437b40497bee38030612d53a3103b24904f519be33cae485306?s=96&d=mm&r=g","url":"https:\/\/secure.gravatar.com\/avatar\/f677d652d46d6437b40497bee38030612d53a3103b24904f519be33cae485306?s=96&d=mm&r=g","height":96,"width":96}},"publisher":{"@type":"Organization","name":"polsepa.cz","logo":{"@type":"ImageObject","@id":"\/logo.png","url":"\/logo.png","width":600,"height":60}},"image":{"@type":"ImageObject","@id":"https:\/\/www.polsepa.cz\/wp-content\/uploads\/img_a295282_w2071_t1506771836.jpg","url":"https:\/\/www.polsepa.cz\/wp-content\/uploads\/img_a295282_w2071_t1506771836.jpg","height":0,"width":0},"url":"https:\/\/www.polsepa.cz\/kam-s-ni-s-tou-slamou\/","wordCount":493,"articleBody":"\u00dalo\u017en\u00e9 prostory jsou \u010dasto t\u00edm, co n\u00e1m v\u00a0na\u0161ich obydl\u00edch velmi \u010dasto sch\u00e1z\u00ed. St\u011bhujeme se z\u00a0na\u0161eho d\u011btsk\u00e9ho pokoje u rodi\u010d\u016f s\u00a0dv\u011bma kufry a n\u011bjakou tou bedni\u010dkou do garsonky, p\u00e1r t\u00fddn\u016f, mo\u017en\u00e1 m\u011bs\u00edc\u016f se n\u00e1m ten prostor zd\u00e1 dosta\u010duj\u00edc\u00ed, ale pak se za\u010d\u00ednaj\u00ed hromadit dal\u0161\u00ed a dal\u0161\u00ed v\u011bci a nen\u00ed je kam d\u00e1vat. Tak se za n\u011bjakou dobu st\u011bhujeme do 2kk a p\u0159i t\u00e9 p\u0159\u00edle\u017eitosti vyh\u00e1z\u00edme, prod\u00e1me a rozd\u00e1me nepot\u0159ebn\u00e9 pot\u0159ebn\u00fdm. P\u0159esto se situace za n\u011bjakou dobu opakuje. Sklep, \u010di komora narvan\u00e9 k\u00a0prasknut\u00ed a my bychom si je\u0161t\u011b pot\u0159ebovali koupit to vybaven\u00ed na ly\u017ee. Ub\u011bhne n\u011bjak\u00e1 ta voda v\u00a0\u0159ece a Vy se zase st\u011bhujete do v\u011bt\u0161\u00edho. 3kk nebo domek se zahr\u00e1dkou. Zase proberete v\u00a0r\u00e1mci st\u011bhov\u00e1n\u00ed, co vz\u00edt a nevz\u00edt s\u00a0sebou do nov\u00e9ho hn\u00edzde\u010dka a libujete si, jak se V\u00e1m zv\u011bt\u0161il prostor k\u00a0\u017eivotu. A zase si ho po n\u011bjak\u00e9m \u010dase p\u011bkn\u011b zanesete.M\u00e1lokter\u00e1 novostavba dnes disponuje sklepem. Je drah\u00fd, co se v\u00fdstavby t\u00fd\u010de a d\u00e9le by to trvalo. P\u016fda taky ji\u017e b\u00fdv\u00e1 m\u00e1lokde, ob\u010das takov\u00e1 mini p\u016fdi\u010dka, kde loz\u00edte po \u010dty\u0159ech. Jen\u017ee kam potom s\u00a0t\u011bmi v\u011bcmi. N\u011bkam se mus\u00ed postavit nebo ulo\u017eit kola, ko\u010d\u00e1rek, golfky, ly\u017ee, brusle, skateboard, nafukovac\u00ed baz\u00e9nek, hole na golf, surf, pek\u00e1\u010d, s\u00e1\u0148ky a mnoho dal\u0161\u00edho vybaven\u00ed, kter\u00fdm takov\u00e1 t\u0159\u00ed- a\u017e \u010dty\u0159\u010dlenn\u00e1 rodina opl\u00fdv\u00e1. Nezapom\u00ednejte na to, pokud se chyst\u00e1te stav\u011bt nebo kupovat n\u011bjakou novostavbu. \u00dalo\u017en\u00e9 prostory toti\u017e pak opravdu chyb\u00ed. Dokud budete bez d\u011bt\u00ed, m\u016f\u017eete na n\u011b vy\u010dlenit jeden pokoj, ale jakmile si pokoje rozeberou d\u011bti, nastane probl\u00e9m. O to v\u011bt\u0161\u00ed, \u017ee s\u00a0d\u011btmi v\u011bc\u00ed samoz\u0159ejm\u011b p\u0159ib\u00fdv\u00e1 a nechce se n\u00e1m jich zbavovat, proto\u017ee douf\u00e1me, \u017ee je pou\u017eijeme je\u0161t\u011b u dal\u0161\u00edch potomk\u016f.\u0158e\u0161en\u00edm m\u016f\u017ee b\u00fdt u rodinn\u00e9ho domu se zahradou k\u016flna nebo zahradn\u00ed domek. Tam se toho d\u00e1 hodn\u011b schovat. Minim\u00e1ln\u011b ty v\u011bci, kter\u00e9 p\u0159e\u017eij\u00ed zimn\u00ed mrazy a letn\u00ed horka. Dob\u0159e si rozmyslete jejich um\u00edst\u011bn\u00ed na zahrad\u011b a velikost. Abyste za n\u011bjak\u00fd rok nepo\u0159izovali dal\u0161\u00ed k\u016flnu. M\u016f\u017eete si je postavit sv\u00e9pomoc\u00ed, nebo nechat smontovat p\u0159\u00edmo od prodejce a vyb\u00edrat m\u016f\u017eete mezi plechov\u00fdmi nebo d\u0159ev\u011bn\u00fdmi, p\u0159\u00edpadn\u011b zd\u011bn\u00fdmi. Ty vyjdou nejdr\u00e1\u017ee, ale zase je m\u016f\u017eete odizolovat a nebude v\u00a0nich v\u00a0zim\u011b tolik mrznout.                                                                                                                                                                                                                                                                                                                                                                                        4.1\/5 - (7 votes)        "},{"@context":"https:\/\/schema.org\/","@type":"BreadcrumbList","itemListElement":[{"@type":"ListItem","position":1,"name":"Kam s n\u00ed, s tou sl\u00e1mou?","item":"https:\/\/www.polsepa.cz\/kam-s-ni-s-tou-slamou\/#breadcrumbitem"}]}]